{"id":5758,"date":"2026-04-27T16:26:13","date_gmt":"2026-04-27T19:26:13","guid":{"rendered":"https:\/\/eventoslatam.com\/?p=5758"},"modified":"2026-04-27T16:26:13","modified_gmt":"2026-04-27T19:26:13","slug":"imex-frankfurt-2026-impulsa-la-formacion-global-y-refuerza-su-valor-para-la-comunidad-latam","status":"publish","type":"post","link":"https:\/\/eventoslatam.com\/?p=5758","title":{"rendered":"IMEX Frankfurt 2026 impulsa la formaci\u00f3n global y refuerza su valor para la comunidad LATAM"},"content":{"rendered":"<p><span style=\"font-weight: 400;\">El programa educativo de IMEX Frankfurt 2026, que se llevar\u00e1 a cabo del 19 al 21 de mayo en Alemania, se consolida como uno de los principales espacios de formaci\u00f3n para la industria de reuniones a nivel global, con un enfoque pr\u00e1ctico alineado a los retos actuales del sector.<\/span><\/p>\n<p><span style=\"font-weight: 400;\">La edici\u00f3n 2026 presenta 11 tracks educativos, que abordan temas clave como inteligencia artificial, dise\u00f1o de experiencias, sustentabilidad, liderazgo y marketing, integrando herramientas aplicables para planners y organizadores . El programa est\u00e1 dise\u00f1ado para responder a los cambios del mercado, donde la tecnolog\u00eda, las nuevas expectativas de los asistentes y las exigencias en sostenibilidad est\u00e1n redefiniendo la industria .<\/span><\/p>\n<p><span style=\"font-weight: 400;\">Adem\u00e1s, IMEX ofrece m\u00e1s de 200 actividades educativas y de networking, incluyendo workshops, seminarios y sesiones colaborativas, muchas de ellas acreditadas internacionalmente, lo que refuerza su valor como plataforma de actualizaci\u00f3n profesional .<\/span><\/p>\n<p><span style=\"font-weight: 400;\">Para la comunidad de Am\u00e9rica Latina, IMEX Frankfurt representa una oportunidad estrat\u00e9gica para acceder a tendencias globales, generar conexiones internacionales y fortalecer la competitividad del sector MICE en la regi\u00f3n. Su relevancia radica no solo en la dimensi\u00f3n del evento, sino en su capacidad de traducir el conocimiento en herramientas pr\u00e1cticas que impactan directamente en el desarrollo de destinos y profesionales.<\/span><\/p>\n<p><span style=\"font-weight: 400;\">En este contexto, IMEX Frankfurt se mantiene como uno de los encuentros m\u00e1s influyentes de la industria, consolidando su papel como catalizador de innovaci\u00f3n, colaboraci\u00f3n y crecimiento para el mercado global y LATAM.<\/span><\/p>\n","protected":false},"excerpt":{"rendered":"<p>El programa educativo de IMEX Frankfurt 2026, que se llevar\u00e1 a cabo del 19 al 21 de mayo en Alemania, se consolida como uno de los principales espacios de formaci\u00f3n para la industria de reuniones a nivel global, con un&hellip;<\/p>\n","protected":false},"author":7,"featured_media":5759,"comment_status":"open","ping_status":"open","sticky":false,"template":"","format":"standard","meta":{"footnotes":""},"categories":[141,143],"tags":[],"class_list":["post-5758","post","type-post","status-publish","format-standard","has-post-thumbnail","hentry","category-noticias","category-news-slide-home","entry","has-media"],"_links":{"self":[{"href":"https:\/\/eventoslatam.com\/index.php?rest_route=\/wp\/v2\/posts\/5758","targetHints":{"allow":["GET"]}}],"collection":[{"href":"https:\/\/eventoslatam.com\/index.php?rest_route=\/wp\/v2\/posts"}],"about":[{"href":"https:\/\/eventoslatam.com\/index.php?rest_route=\/wp\/v2\/types\/post"}],"author":[{"embeddable":true,"href":"https:\/\/eventoslatam.com\/index.php?rest_route=\/wp\/v2\/users\/7"}],"replies":[{"embeddable":true,"href":"https:\/\/eventoslatam.com\/index.php?rest_route=%2Fwp%2Fv2%2Fcomments&post=5758"}],"version-history":[{"count":1,"href":"https:\/\/eventoslatam.com\/index.php?rest_route=\/wp\/v2\/posts\/5758\/revisions"}],"predecessor-version":[{"id":5760,"href":"https:\/\/eventoslatam.com\/index.php?rest_route=\/wp\/v2\/posts\/5758\/revisions\/5760"}],"wp:featuredmedia":[{"embeddable":true,"href":"https:\/\/eventoslatam.com\/index.php?rest_route=\/wp\/v2\/media\/5759"}],"wp:attachment":[{"href":"https:\/\/eventoslatam.com\/index.php?rest_route=%2Fwp%2Fv2%2Fmedia&parent=5758"}],"wp:term":[{"taxonomy":"category","embeddable":true,"href":"https:\/\/eventoslatam.com\/index.php?rest_route=%2Fwp%2Fv2%2Fcategories&post=5758"},{"taxonomy":"post_tag","embeddable":true,"href":"https:\/\/eventoslatam.com\/index.php?rest_route=%2Fwp%2Fv2%2Ftags&post=5758"}],"curies":[{"name":"wp","href":"https:\/\/api.w.org\/{rel}","templated":true}]}}