{"id":5624,"date":"2025-11-07T20:51:31","date_gmt":"2025-11-07T23:51:31","guid":{"rendered":"https:\/\/eventoslatam.com\/?p=5624"},"modified":"2025-11-07T20:51:31","modified_gmt":"2025-11-07T23:51:31","slug":"supernext-2025-punta-del-este-consolida-su-liderazgo-como-destino-de-grandes-eventos","status":"publish","type":"post","link":"https:\/\/eventoslatam.com\/?p=5624","title":{"rendered":"SUPERNEXT 2025: Punta del Este consolida su liderazgo como destino de grandes eventos"},"content":{"rendered":"<p><span style=\"font-weight: 400;\">El Punta del Este Convention &amp; Exhibition Center fue sede por primera vez de SUPERNEXT, el evento m\u00e1s importante del supermercadismo en Uruguay, organizado por la Asociaci\u00f3n de Supermercados del Uruguay (ASU). Esta edici\u00f3n marc\u00f3 un hito para el sector, al reunir a empresarios, gerentes y profesionales para analizar las tendencias, innovaciones y estrategias que est\u00e1n transformando el retail, la experiencia de compra y la digitalizaci\u00f3n del consumo.<\/span><\/p>\n<p><span style=\"font-weight: 400;\">Durante el encuentro, los asistentes pudieron participar en conferencias magistrales y paneles tem\u00e1ticos que abordaron los principales desaf\u00edos y oportunidades de la industria. Adem\u00e1s, la exposici\u00f3n comercial reuni\u00f3 a las marcas y proveedores m\u00e1s representativos del sector supermercadista, generando un espacio clave para el networking, la actualizaci\u00f3n profesional y la creaci\u00f3n de nuevas alianzas estrat\u00e9gicas.<\/span><\/p>\n<p><span style=\"font-weight: 400;\">La elecci\u00f3n del Centro de Convenciones de Punta del Este como sede de SUPERNEXT subraya el posicionamiento del destino como referente para la realizaci\u00f3n de grandes eventos nacionales e internacionales. Su moderna infraestructura, servicios de primer nivel y ubicaci\u00f3n privilegiada convierten a Punta del Este en un punto de encuentro ideal para el desarrollo de congresos, ferias y convenciones en el Cono Sur.<\/span><\/p>\n<p><span style=\"font-weight: 400;\">Con esta edici\u00f3n, SUPERNEXT consolida su crecimiento y su contribuci\u00f3n al fortalecimiento del supermercadismo uruguayo, reafirmando la importancia del intercambio profesional y la innovaci\u00f3n dentro del sector. Al mismo tiempo, el Punta del Este Convention &amp; Exhibition Center contin\u00faa afianzando su rol como un espacio estrat\u00e9gico para el impulso empresarial, la capacitaci\u00f3n y la proyecci\u00f3n internacional del Uruguay.<\/span><\/p>\n<p><img fetchpriority=\"high\" decoding=\"async\" class=\"aligncenter wp-image-5626 size-full\" src=\"https:\/\/eventoslatam.com\/wp-content\/uploads\/2025\/11\/1762458360041.jpeg\" alt=\"\" width=\"1600\" height=\"1067\" \/><img decoding=\"async\" class=\"aligncenter wp-image-5627 size-full\" src=\"https:\/\/eventoslatam.com\/wp-content\/uploads\/2025\/11\/1762458359721.jpeg\" alt=\"\" width=\"1600\" height=\"1067\" \/><img decoding=\"async\" class=\"aligncenter wp-image-5628 size-full\" src=\"https:\/\/eventoslatam.com\/wp-content\/uploads\/2025\/11\/1762458360373.jpeg\" alt=\"\" width=\"1600\" height=\"1067\" \/><img loading=\"lazy\" decoding=\"async\" class=\"aligncenter wp-image-5629 size-full\" src=\"https:\/\/eventoslatam.com\/wp-content\/uploads\/2025\/11\/1762458359856.jpeg\" alt=\"\" width=\"1600\" height=\"1067\" \/><\/p>\n","protected":false},"excerpt":{"rendered":"<p>El Punta del Este Convention &amp; Exhibition Center fue sede por primera vez de SUPERNEXT, el evento m\u00e1s importante del supermercadismo en Uruguay, organizado por la Asociaci\u00f3n de Supermercados del Uruguay (ASU). Esta edici\u00f3n marc\u00f3 un hito para el sector,&hellip;<\/p>\n","protected":false},"author":7,"featured_media":5625,"comment_status":"open","ping_status":"open","sticky":false,"template":"","format":"standard","meta":{"footnotes":""},"categories":[141,143],"tags":[],"class_list":["post-5624","post","type-post","status-publish","format-standard","has-post-thumbnail","hentry","category-noticias","category-news-slide-home","entry","has-media"],"_links":{"self":[{"href":"https:\/\/eventoslatam.com\/index.php?rest_route=\/wp\/v2\/posts\/5624","targetHints":{"allow":["GET"]}}],"collection":[{"href":"https:\/\/eventoslatam.com\/index.php?rest_route=\/wp\/v2\/posts"}],"about":[{"href":"https:\/\/eventoslatam.com\/index.php?rest_route=\/wp\/v2\/types\/post"}],"author":[{"embeddable":true,"href":"https:\/\/eventoslatam.com\/index.php?rest_route=\/wp\/v2\/users\/7"}],"replies":[{"embeddable":true,"href":"https:\/\/eventoslatam.com\/index.php?rest_route=%2Fwp%2Fv2%2Fcomments&post=5624"}],"version-history":[{"count":1,"href":"https:\/\/eventoslatam.com\/index.php?rest_route=\/wp\/v2\/posts\/5624\/revisions"}],"predecessor-version":[{"id":5630,"href":"https:\/\/eventoslatam.com\/index.php?rest_route=\/wp\/v2\/posts\/5624\/revisions\/5630"}],"wp:featuredmedia":[{"embeddable":true,"href":"https:\/\/eventoslatam.com\/index.php?rest_route=\/wp\/v2\/media\/5625"}],"wp:attachment":[{"href":"https:\/\/eventoslatam.com\/index.php?rest_route=%2Fwp%2Fv2%2Fmedia&parent=5624"}],"wp:term":[{"taxonomy":"category","embeddable":true,"href":"https:\/\/eventoslatam.com\/index.php?rest_route=%2Fwp%2Fv2%2Fcategories&post=5624"},{"taxonomy":"post_tag","embeddable":true,"href":"https:\/\/eventoslatam.com\/index.php?rest_route=%2Fwp%2Fv2%2Ftags&post=5624"}],"curies":[{"name":"wp","href":"https:\/\/api.w.org\/{rel}","templated":true}]}}