{"id":4953,"date":"2024-07-11T11:30:28","date_gmt":"2024-07-11T14:30:28","guid":{"rendered":"https:\/\/eventoslatam.com\/?p=4953"},"modified":"2024-10-04T17:12:50","modified_gmt":"2024-10-04T20:12:50","slug":"sucesos-destacados-previos-al-congreso-cocal-2024","status":"publish","type":"post","link":"https:\/\/eventoslatam.com\/?p=4953","title":{"rendered":"Sucesos destacados previos al Congreso COCAL 2024"},"content":{"rendered":"<p><span style=\"font-weight: 400;\">Lima recibi\u00f3 a los asistentes del Congreso COCAL 2024 en un previo al inicio de actividades con una cena de la junta directiva que se llev\u00f3 a cabo en el hotel Country de San Isidro, mismo que es Patrimonio Cultural de la Naci\u00f3n desde 1927 y que ha recibido a lo largo de la historia a innumerables personalidades y gente relacionada con la pol\u00edtica y el espect\u00e1culo, contando entre sus hu\u00e9spedes a mandatarios, pr\u00edncipes y dignatarios de la diplomacia internacional.<\/span><\/p>\n<p><span style=\"font-weight: 400;\">Por la noche,\u00a0 se realiz\u00f3 con \u00e9xito <\/span><span style=\"font-weight: 400;\">el c\u00f3ctel de bienvenida en la municipalidad de Miraflores, al cual asistieron personalidades como el alcalde Carlos Canales, Claricia Tirado, Presidenta Ejecutiva en PROMPERU, el presidente del Bur\u00f3 de Convenciones de Lima, Jorge Le\u00f3n Benavides y Luis Ricardo Mart\u00ednez, presidente de COCAL.<\/span><\/p>\n<p><span style=\"font-weight: 400;\">Los asistentes tuvieron la oportunidad de conectar con miembros destacados de la industria y pasar un momento agradable antes de arrancar formalmente con el programa del Congreso.\u00a0<\/span><\/p>\n<p><span style=\"font-weight: 400;\">Asimismo,\u00a0 se efectu\u00f3 la asamblea general de la asociaci\u00f3n en la cual participaron representantes de Argentina, Cuba, Honduras, Rep\u00fablica Dominicana, Puerto Rico, Guatemala, Panam\u00e1, Quito, M\u00e9xico, Colombia, Uruguay y por supuesto Lima como un excelente anfitri\u00f3n.<\/span><\/p>\n<p><span style=\"font-weight: 400;\">Durante el este evento se realiz\u00f3 la presentaci\u00f3n oficial del pr\u00f3ximo Congreso, el cual se llevar\u00e1 a cabo en Honduras, adem\u00e1s se lanz\u00f3 la candidatura de Quito quien result\u00f3 electo para 2026 teniendo a Brasil como sede alterna, mientras que M\u00e9xico se postul\u00f3 para ser anfitri\u00f3n en 2027. Y para cerrar con broche de oro se revel\u00f3 que <\/span><span style=\"font-weight: 400;\">Brasil y M\u00e9xico se han adherido oficialmente a COCAL.\u00a0<\/span><\/p>\n","protected":false},"excerpt":{"rendered":"<p>Lima recibi\u00f3 a los asistentes del Congreso COCAL 2024 en un previo al inicio de actividades con una cena de la junta directiva que se llev\u00f3 a cabo en el hotel Country de San Isidro, mismo que es Patrimonio Cultural&hellip;<\/p>\n","protected":false},"author":5,"featured_media":4954,"comment_status":"open","ping_status":"open","sticky":false,"template":"","format":"standard","meta":{"footnotes":""},"categories":[158],"tags":[],"class_list":["post-4953","post","type-post","status-publish","format-standard","has-post-thumbnail","hentry","category-mice","entry","has-media"],"_links":{"self":[{"href":"https:\/\/eventoslatam.com\/index.php?rest_route=\/wp\/v2\/posts\/4953","targetHints":{"allow":["GET"]}}],"collection":[{"href":"https:\/\/eventoslatam.com\/index.php?rest_route=\/wp\/v2\/posts"}],"about":[{"href":"https:\/\/eventoslatam.com\/index.php?rest_route=\/wp\/v2\/types\/post"}],"author":[{"embeddable":true,"href":"https:\/\/eventoslatam.com\/index.php?rest_route=\/wp\/v2\/users\/5"}],"replies":[{"embeddable":true,"href":"https:\/\/eventoslatam.com\/index.php?rest_route=%2Fwp%2Fv2%2Fcomments&post=4953"}],"version-history":[{"count":2,"href":"https:\/\/eventoslatam.com\/index.php?rest_route=\/wp\/v2\/posts\/4953\/revisions"}],"predecessor-version":[{"id":4956,"href":"https:\/\/eventoslatam.com\/index.php?rest_route=\/wp\/v2\/posts\/4953\/revisions\/4956"}],"wp:featuredmedia":[{"embeddable":true,"href":"https:\/\/eventoslatam.com\/index.php?rest_route=\/wp\/v2\/media\/4954"}],"wp:attachment":[{"href":"https:\/\/eventoslatam.com\/index.php?rest_route=%2Fwp%2Fv2%2Fmedia&parent=4953"}],"wp:term":[{"taxonomy":"category","embeddable":true,"href":"https:\/\/eventoslatam.com\/index.php?rest_route=%2Fwp%2Fv2%2Fcategories&post=4953"},{"taxonomy":"post_tag","embeddable":true,"href":"https:\/\/eventoslatam.com\/index.php?rest_route=%2Fwp%2Fv2%2Ftags&post=4953"}],"curies":[{"name":"wp","href":"https:\/\/api.w.org\/{rel}","templated":true}]}}