{"id":4928,"date":"2024-05-15T21:01:16","date_gmt":"2024-05-16T00:01:16","guid":{"rendered":"https:\/\/eventoslatam.com\/?p=4928"},"modified":"2024-10-04T17:13:37","modified_gmt":"2024-10-04T20:13:37","slug":"afida-participo-de-la-reunion-del-joint-meetings-industry-council-en-el-marco-de-imex-2024","status":"publish","type":"post","link":"https:\/\/eventoslatam.com\/?p=4928","title":{"rendered":"AFIDA PARTICIPO DE LA REUNION DEL JOINT MEETINGS INDUSTRY COUNCIL EN EL MARCO DE IMEX 2024"},"content":{"rendered":"<p>El presidente de la Asociaci\u00f3n Internacional de Feriasz de Am\u00e9rica, Fernando Gorbar\u00e1n, particip\u00f3 de la reuni\u00f3n del Consejo Consultivo del Joint Meetings Industry Council donde se llevaron a cabo las elecciones de las junta y se presentaron actualizaciones sobre el reciente evento de Bruselas, impulsando un cambio positivo en la Industria de Reuniones y las actualizaciones referentes a los Net Zero Carbon Events.<\/p>\n<p>James Rees resulto re electo Presidente del JMIC y B\u00e1rbara Weizs\u00e4cker qui\u00e9n ha sido reelecta tesorera de la entidad.<\/p>\n<p>AFIDA ha ingresado al JMIC junto a IELA (International Exhibiton Logistics Association) poniendo en valor que los esfuerzos colectivos de todos los miembros que conforman el JMIC, fomentar\u00e1n a la innovaci\u00f3n dentro de la industria.<\/p>\n<p>&nbsp;<\/p>\n<p>&nbsp;<\/p>\n<p>&nbsp;<\/p>\n","protected":false},"excerpt":{"rendered":"<p>El presidente de la Asociaci\u00f3n Internacional de Feriasz de Am\u00e9rica, Fernando Gorbar\u00e1n, particip\u00f3 de la reuni\u00f3n del Consejo Consultivo del Joint Meetings Industry Council donde se llevaron a cabo las elecciones de las junta y se presentaron actualizaciones sobre el&hellip;<\/p>\n","protected":false},"author":5,"featured_media":4929,"comment_status":"open","ping_status":"open","sticky":false,"template":"","format":"standard","meta":{"footnotes":""},"categories":[158],"tags":[],"class_list":["post-4928","post","type-post","status-publish","format-standard","has-post-thumbnail","hentry","category-mice","entry","has-media"],"_links":{"self":[{"href":"https:\/\/eventoslatam.com\/index.php?rest_route=\/wp\/v2\/posts\/4928","targetHints":{"allow":["GET"]}}],"collection":[{"href":"https:\/\/eventoslatam.com\/index.php?rest_route=\/wp\/v2\/posts"}],"about":[{"href":"https:\/\/eventoslatam.com\/index.php?rest_route=\/wp\/v2\/types\/post"}],"author":[{"embeddable":true,"href":"https:\/\/eventoslatam.com\/index.php?rest_route=\/wp\/v2\/users\/5"}],"replies":[{"embeddable":true,"href":"https:\/\/eventoslatam.com\/index.php?rest_route=%2Fwp%2Fv2%2Fcomments&post=4928"}],"version-history":[{"count":2,"href":"https:\/\/eventoslatam.com\/index.php?rest_route=\/wp\/v2\/posts\/4928\/revisions"}],"predecessor-version":[{"id":4931,"href":"https:\/\/eventoslatam.com\/index.php?rest_route=\/wp\/v2\/posts\/4928\/revisions\/4931"}],"wp:featuredmedia":[{"embeddable":true,"href":"https:\/\/eventoslatam.com\/index.php?rest_route=\/wp\/v2\/media\/4929"}],"wp:attachment":[{"href":"https:\/\/eventoslatam.com\/index.php?rest_route=%2Fwp%2Fv2%2Fmedia&parent=4928"}],"wp:term":[{"taxonomy":"category","embeddable":true,"href":"https:\/\/eventoslatam.com\/index.php?rest_route=%2Fwp%2Fv2%2Fcategories&post=4928"},{"taxonomy":"post_tag","embeddable":true,"href":"https:\/\/eventoslatam.com\/index.php?rest_route=%2Fwp%2Fv2%2Ftags&post=4928"}],"curies":[{"name":"wp","href":"https:\/\/api.w.org\/{rel}","templated":true}]}}