{"id":4535,"date":"2023-05-25T22:21:42","date_gmt":"2023-05-26T01:21:42","guid":{"rendered":"https:\/\/eventoslatam.com\/?p=4535"},"modified":"2023-09-27T18:37:50","modified_gmt":"2023-09-27T21:37:50","slug":"mujeres-latinas-transformando-la-industria-de-reuiones","status":"publish","type":"post","link":"https:\/\/eventoslatam.com\/?p=4535","title":{"rendered":"MUJERES LATINAS TRANSFORMANDO LA INDUSTRIA DE REUNIONES"},"content":{"rendered":"<p>En Abril 2022 PCMA comenz\u00f3 a trabajar con este proyecto a trav\u00e9s de un programa piloto que ten\u00eda como prop\u00f3sito durar 6 meses y se extendi\u00f3 por m\u00e1s un a\u00f1o por el impacto generado. Es as\u00ed como en conjunto con las socias fundadoras del primer <strong>C\u00edrculo de Mujeres<\/strong>, quienes adem\u00e1s de ser l\u00edderes influyentes en sus pa\u00edses son orgullosamente socias en PCMA, se han comprometido a expandir esta oportunidad y formar nuevos C\u00edrculos con otras mujeres de la comunidad PCMA en la regi\u00f3n Latioamericana.<\/p>\n<p>Invitamos a toda la comunidad de mujeres en la industria de reuniones a unirse a los C\u00edrculos de Mujeres PCMA, un espacio donde podr\u00e1n encontrar inspiraci\u00f3n a trav\u00e9s del testimonio de otras mujeres que como ustedes, buscan impulsar su desarrollo profesional y el de sus pares. Hablemos de los retos en nuestra industria y de lo que s\u00ed funciona para impulsar la equidad de g\u00e9nero.<\/p>\n","protected":false},"excerpt":{"rendered":"<p>En Abril 2022 PCMA comenz\u00f3 a trabajar con este proyecto a trav\u00e9s de un programa piloto que ten\u00eda como prop\u00f3sito durar 6 meses y se extendi\u00f3 por m\u00e1s un a\u00f1o por el impacto generado. Es as\u00ed como en conjunto con&hellip;<\/p>\n","protected":false},"author":1,"featured_media":4536,"comment_status":"open","ping_status":"open","sticky":false,"template":"","format":"standard","meta":{"footnotes":""},"categories":[141],"tags":[],"class_list":["post-4535","post","type-post","status-publish","format-standard","has-post-thumbnail","hentry","category-noticias","entry","has-media"],"_links":{"self":[{"href":"https:\/\/eventoslatam.com\/index.php?rest_route=\/wp\/v2\/posts\/4535","targetHints":{"allow":["GET"]}}],"collection":[{"href":"https:\/\/eventoslatam.com\/index.php?rest_route=\/wp\/v2\/posts"}],"about":[{"href":"https:\/\/eventoslatam.com\/index.php?rest_route=\/wp\/v2\/types\/post"}],"author":[{"embeddable":true,"href":"https:\/\/eventoslatam.com\/index.php?rest_route=\/wp\/v2\/users\/1"}],"replies":[{"embeddable":true,"href":"https:\/\/eventoslatam.com\/index.php?rest_route=%2Fwp%2Fv2%2Fcomments&post=4535"}],"version-history":[{"count":2,"href":"https:\/\/eventoslatam.com\/index.php?rest_route=\/wp\/v2\/posts\/4535\/revisions"}],"predecessor-version":[{"id":4538,"href":"https:\/\/eventoslatam.com\/index.php?rest_route=\/wp\/v2\/posts\/4535\/revisions\/4538"}],"wp:featuredmedia":[{"embeddable":true,"href":"https:\/\/eventoslatam.com\/index.php?rest_route=\/wp\/v2\/media\/4536"}],"wp:attachment":[{"href":"https:\/\/eventoslatam.com\/index.php?rest_route=%2Fwp%2Fv2%2Fmedia&parent=4535"}],"wp:term":[{"taxonomy":"category","embeddable":true,"href":"https:\/\/eventoslatam.com\/index.php?rest_route=%2Fwp%2Fv2%2Fcategories&post=4535"},{"taxonomy":"post_tag","embeddable":true,"href":"https:\/\/eventoslatam.com\/index.php?rest_route=%2Fwp%2Fv2%2Ftags&post=4535"}],"curies":[{"name":"wp","href":"https:\/\/api.w.org\/{rel}","templated":true}]}}