{"id":4377,"date":"2023-03-07T13:01:29","date_gmt":"2023-03-07T16:01:29","guid":{"rendered":"https:\/\/eventoslatam.com\/?p=4377"},"modified":"2023-05-09T20:00:05","modified_gmt":"2023-05-09T23:00:05","slug":"delta-busca-lograr-cero-emisiones-para-el-2050","status":"publish","type":"post","link":"https:\/\/eventoslatam.com\/?p=4377","title":{"rendered":"DELTA BUSCA LOGRAR CERO EMISIONES PARA EL 2050"},"content":{"rendered":"<p>La estrategia y los objetivos est\u00e1n inspirados en lo que es bueno para el planeta, las comunidades y la gente de Delta, e impulsado por el reconocimiento de que la sustentabilidad es un imperativo comercial.<\/p>\n<p>La directora de sustentabilidad de Delta, Pam Fletcher, comparti\u00f3 por primera vez la estrategia con los m\u00e1s de 90,000 empleados de la aerol\u00ednea a fines de febrero.<\/p>\n<p>Se centra en dos pilares: incorporar la sostenibilidad en todo lo que hace la aerol\u00ednea y eliminar el impacto clim\u00e1tico de la empresa al volar.<\/p>\n<p>\u201cLa gente de Delta es conocida por hacer bien las cosas dif\u00edciles\u201d, dijo Fletcher al presentar la estrategia.<\/p>\n<p>&nbsp;<\/p>\n<p>&nbsp;<\/p>\n","protected":false},"excerpt":{"rendered":"<p>Desde la b\u00fasqueda de combustibles de aviaci\u00f3n sostenibles y aeronaves m\u00e1s eficientes hasta la reducci\u00f3n de pl\u00e1sticos de un solo uso y el fomento de una cadena de suministro neta cero, Delta anunci\u00f3 su hoja de ruta para viajes m\u00e1s sostenibles y emisiones netas cero para 2050. <\/p>\n","protected":false},"author":5,"featured_media":4399,"comment_status":"open","ping_status":"open","sticky":false,"template":"","format":"standard","meta":{"footnotes":""},"categories":[141,154],"tags":[],"class_list":["post-4377","post","type-post","status-publish","format-standard","has-post-thumbnail","hentry","category-noticias","category-transporte","entry","has-media"],"_links":{"self":[{"href":"https:\/\/eventoslatam.com\/index.php?rest_route=\/wp\/v2\/posts\/4377","targetHints":{"allow":["GET"]}}],"collection":[{"href":"https:\/\/eventoslatam.com\/index.php?rest_route=\/wp\/v2\/posts"}],"about":[{"href":"https:\/\/eventoslatam.com\/index.php?rest_route=\/wp\/v2\/types\/post"}],"author":[{"embeddable":true,"href":"https:\/\/eventoslatam.com\/index.php?rest_route=\/wp\/v2\/users\/5"}],"replies":[{"embeddable":true,"href":"https:\/\/eventoslatam.com\/index.php?rest_route=%2Fwp%2Fv2%2Fcomments&post=4377"}],"version-history":[{"count":3,"href":"https:\/\/eventoslatam.com\/index.php?rest_route=\/wp\/v2\/posts\/4377\/revisions"}],"predecessor-version":[{"id":4381,"href":"https:\/\/eventoslatam.com\/index.php?rest_route=\/wp\/v2\/posts\/4377\/revisions\/4381"}],"wp:featuredmedia":[{"embeddable":true,"href":"https:\/\/eventoslatam.com\/index.php?rest_route=\/wp\/v2\/media\/4399"}],"wp:attachment":[{"href":"https:\/\/eventoslatam.com\/index.php?rest_route=%2Fwp%2Fv2%2Fmedia&parent=4377"}],"wp:term":[{"taxonomy":"category","embeddable":true,"href":"https:\/\/eventoslatam.com\/index.php?rest_route=%2Fwp%2Fv2%2Fcategories&post=4377"},{"taxonomy":"post_tag","embeddable":true,"href":"https:\/\/eventoslatam.com\/index.php?rest_route=%2Fwp%2Fv2%2Ftags&post=4377"}],"curies":[{"name":"wp","href":"https:\/\/api.w.org\/{rel}","templated":true}]}}