{"id":4348,"date":"2023-02-08T19:09:06","date_gmt":"2023-02-08T22:09:06","guid":{"rendered":"https:\/\/eventoslatam.com\/?p=4348"},"modified":"2023-05-09T20:00:23","modified_gmt":"2023-05-09T23:00:23","slug":"rio-de-janeiro-con-nueva-ruta-desde-nueva-york","status":"publish","type":"post","link":"https:\/\/eventoslatam.com\/?p=4348","title":{"rendered":"RIO DE JANEIRO CON NUEVA RUTA DESDE NUEVA YORK"},"content":{"rendered":"<p>Los neoyorquinos pronto podr\u00e1n volar sin escalas a otra ciudad que nunca<br \/>\nduerme, R\u00edo de Janeiro, cuando Delta lance el servicio de temporada entre<br \/>\nNueva York-JFK y el Aeropuerto Rio Gale\u00e3o (GIG) en Brasil a partir del 16 de<br \/>\ndiciembre. La nueva ruta, la tercera que Delta y LATAM han anunciado desde<br \/>\nque se aprob\u00f3 el Joint Venture en septiembre de 2022, operar\u00e1n diariamente<br \/>\nen el avi\u00f3n Boeing 767-300 de Delta con los servicios Delta One, Delta<br \/>\nPremium Select, Delta Comfort+ y Main Cabin.<\/p>\n<p>\u201cDesde que implementamos nuestro Joint Venture, hemos estado trabajando<br \/>\nde cerca con LATAM para introducir nuevas y emocionantes rutas que est\u00e1n<br \/>\nampliando las oportunidades para los clientes que viajan entre los EE. UU. y<br \/>\nAm\u00e9rica del Sur\u201d, dijo Alex Antilla, vicepresidente de Delta para Am\u00e9rica Latina.<br \/>\n\u201cJuntos, estamos ofreciendo a los neoyorquinos la mayor cantidad de vuelos y<br \/>\nla mejor experiencia para viajar entre los dos continentes\u201d.<\/p>\n<p>\u201cEstamos felices de trabajar con Delta para hacer crecer nuestra presencia<br \/>\nconjunta entre las Am\u00e9ricas. Como la aerol\u00ednea m\u00e1s grande de Sudam\u00e9rica,<br \/>\nestamos entusiasmados de trabajar con ellos para ofrecer a nuestros clientes<br \/>\nm\u00e1s opciones de vuelo y una experiencia a bordo de clase mundial\u201d, dijo Martin<br \/>\nSt. George, Director Comercial de LATAM Airlines Group.<\/p>\n","protected":false},"excerpt":{"rendered":"<p>Los neoyorquinos pronto podr\u00e1n volar sin escalas a otra ciudad que nunca duerme, R\u00edo de Janeiro, cuando Delta lance el servicio de temporada entre Nueva York-JFK y el Aeropuerto Rio Gale\u00e3o (GIG) en Brasil a partir del 16 de diciembre.&hellip;<\/p>\n","protected":false},"author":6,"featured_media":4347,"comment_status":"open","ping_status":"open","sticky":false,"template":"","format":"standard","meta":{"footnotes":""},"categories":[141,154],"tags":[],"class_list":["post-4348","post","type-post","status-publish","format-standard","has-post-thumbnail","hentry","category-noticias","category-transporte","entry","has-media"],"_links":{"self":[{"href":"https:\/\/eventoslatam.com\/index.php?rest_route=\/wp\/v2\/posts\/4348","targetHints":{"allow":["GET"]}}],"collection":[{"href":"https:\/\/eventoslatam.com\/index.php?rest_route=\/wp\/v2\/posts"}],"about":[{"href":"https:\/\/eventoslatam.com\/index.php?rest_route=\/wp\/v2\/types\/post"}],"author":[{"embeddable":true,"href":"https:\/\/eventoslatam.com\/index.php?rest_route=\/wp\/v2\/users\/6"}],"replies":[{"embeddable":true,"href":"https:\/\/eventoslatam.com\/index.php?rest_route=%2Fwp%2Fv2%2Fcomments&post=4348"}],"version-history":[{"count":1,"href":"https:\/\/eventoslatam.com\/index.php?rest_route=\/wp\/v2\/posts\/4348\/revisions"}],"predecessor-version":[{"id":4349,"href":"https:\/\/eventoslatam.com\/index.php?rest_route=\/wp\/v2\/posts\/4348\/revisions\/4349"}],"wp:featuredmedia":[{"embeddable":true,"href":"https:\/\/eventoslatam.com\/index.php?rest_route=\/wp\/v2\/media\/4347"}],"wp:attachment":[{"href":"https:\/\/eventoslatam.com\/index.php?rest_route=%2Fwp%2Fv2%2Fmedia&parent=4348"}],"wp:term":[{"taxonomy":"category","embeddable":true,"href":"https:\/\/eventoslatam.com\/index.php?rest_route=%2Fwp%2Fv2%2Fcategories&post=4348"},{"taxonomy":"post_tag","embeddable":true,"href":"https:\/\/eventoslatam.com\/index.php?rest_route=%2Fwp%2Fv2%2Ftags&post=4348"}],"curies":[{"name":"wp","href":"https:\/\/api.w.org\/{rel}","templated":true}]}}