{"id":4209,"date":"2022-10-20T22:26:33","date_gmt":"2022-10-21T01:26:33","guid":{"rendered":"https:\/\/eventoslatam.com\/?p=4209"},"modified":"2023-05-09T20:01:06","modified_gmt":"2023-05-09T23:01:06","slug":"alta-agm-airline-leaders-forum-en-buenos-aires","status":"publish","type":"post","link":"https:\/\/eventoslatam.com\/?p=4209","title":{"rendered":"ALTA AGM &#038; Airline Leaders Forum en Buenos Aires"},"content":{"rendered":"<p style=\"text-align: justify;\">Los m\u00e1s altos ejecutivos de la industria de la aviaci\u00f3n comercial y autoridades de gobiernos se reunieron en Buenos Aires, con el fin de generar una agenda colaborativa con acciones concretas dirigidas a fomentar una aviaci\u00f3n a\u00fan m\u00e1s segura, eficiente y sustentable en Am\u00e9rica Latina y el Caribe.<\/p>\n<p style=\"text-align: justify;\">Casi 500 personas, entre ellos, representantes 154 miembros de la Asociaci\u00f3n Latinoamericana y del Caribe de Transporte A\u00e9reo, que nuclean el 80% del tr\u00e1fico a\u00e9reo de la regi\u00f3n, incluyendo 47 CEOs de l\u00edneas a\u00e9reas.<\/p>\n<p style=\"text-align: justify;\">Optimismo fue la palabra clave del evento. Con nuevos \u201caires\u201d se dej\u00f3 atr\u00e1s el pesimismo e incertidumbre de los \u00faltimos a\u00f1os.<\/p>\n<p style=\"text-align: justify;\">En el Hilton Buenos Aires, hubo de todo: incremento de flota, nuevos destinos, datos que aumentan y grandes proyectos de crecimiento, aunque tambi\u00e9n cordura de cara al futuro.<\/p>\n<p style=\"text-align: justify;\">En la apertura, el director ejecutivo &amp; CEO de ALTA, Jos\u00e9 Ricardo Botelho, remarc\u00f3 que: \u201c<em>Tenemos mucho por hacer como asociaci\u00f3n regional y tenemos un potencial fenomenal. Que este Foro sirva para crear una Agenda de Estado. Como siempre digo, donde est\u00e1 la aviaci\u00f3n, est\u00e1 el desarrollo. No hay un solo lugar en todo el planeta donde est\u00e9 presente nuestra industria y no tengamos desarrollo de infraestructura, de empleos, de crecimiento econ\u00f3mico.\u00a0Espero avanzar para quitar regulaciones y leyes innecesarias que afectan nuestra industria en este momento donde se est\u00e1 produciendo el famoso turismo de revancha, donde las personas quieren volver a volar y conectar con la regi\u00f3n<\/em>\u201d.<\/p>\n<p style=\"text-align: justify;\"><em>\u201cALTA incorpor\u00f3 24 nuevos miembros solamente a lo largo de 2022, alcanzado\u00a0los 154 miembros que representan casi el 90% de todo el tr\u00e1fico de la regi\u00f3n. Queremos invitar a que participen de la asociaci\u00f3n. Estamos aqu\u00ed por ustedes, para ustedes. Toda la cadena involucrada. Tenemos en este momento 57 acciones en curso simult\u00e1neas\u201d<\/em> destac\u00f3 Botelho ante los principales ejecutivos de la regi\u00f3n.<\/p>\n<p style=\"text-align: justify;\">En la conferencia de prensa inaugural, y en su rol como presidente saliente del Comit\u00e9 Ejecutivo de ALTA, Roberto Alvo, CEO de LATAM, destac\u00f3 la relevancia del evento mientras afirm\u00f3 que \u201c<em>hay una recuperaci\u00f3n briosa, din\u00e1mica del mercado en Latinoam\u00e9rica y el Caribe despu\u00e9s de la pandemia y luego de varios altibajos en los \u00faltimos 2 a\u00f1os\u201d. Y record\u00f3 que en plena pandemia operaban\u00a0al 4% y 5% de la capacidad de las aerol\u00edneas, y luego en 2021 aunque se abrieron muchos pa\u00edses aunque experimentaron problemas por los distintos revotes del virus de la Covid- en distintas magnitudes.<\/em><\/p>\n<p style=\"text-align: justify;\"><em>\u201cEstamos viendo un per\u00edodo de recuperaci\u00f3n m\u00e1s definitiva. ALTA ha trabajado muy intensamente con los gobiernos para acelerar la reapertura de los mercados, siendo la \u00fanica regi\u00f3n del mundo que no recibi\u00f3 ning\u00fan tipo de apoyo estatal y con las variables macroecon\u00f3micas jugando en contra. Estamos en un periodo de reconsolidaci\u00f3n que\u00a0seguir\u00e1 en 2023 y esperamos para 2024 que la industria vuelva a una normalidad total. Si bien hay que estar optimistas por la recuperaci\u00f3n del tr\u00e1fico de pasajeros, no hay que olvidar que venimos de la crisis m\u00e1s profunda de la historia de la aviaci\u00f3n<\/em>\u201d, expres\u00f3 Alvo.<\/p>\n<p style=\"text-align: justify;\">Durante su discurso como nuevo Presidente del Comit\u00e9 Ejecutivo de ALTA, Adri\u00e1n Neuhauser (AVIANCA) , repas\u00f3 los temas cr\u00edticos para la industria, con una mezcla de buenas noticias y un repaso de los retos del sector. \u201c<em>Latinoam\u00e9rica ha liderado la recuperaci\u00f3n mundial en aviaci\u00f3n. Tenemos pa\u00edses que est\u00e1n ya sobre un 100% de recuperaci\u00f3n comparado con 2019, y todos en niveles muy altos, principalmente en el sector dom\u00e9stico que ha liderado con una correlaci\u00f3n bastante clara entre aperturas de fronteras y recuperaci\u00f3n con una demanda subyacente<\/em>\u201d expres\u00f3.<\/p>\n<p style=\"text-align: justify;\">\u201c<em>El reto es que recuperarnos al 100% no es suficiente, sigue siendo una regi\u00f3n con pocos viajes por habitante y caro para una sociedad pobre con retos de costos, de infraestructura, de marcos legales, impositivos y los retos ambientales que se nos vienen como Mundo.\u00a0Como ejemplo, un 14,6% de inflaci\u00f3n promedio en toda la regi\u00f3n \u2013 aunque de manera dispar- afecta duramente a la industria, con una volatilidad muy alta en costos de combustible, adem\u00e1s de retos en la parte de recursos humanos que vamos a tener que hacerle frente y tambi\u00e9n de infraestructura. Tambi\u00e9n la presi\u00f3n impositiva es muy fuerte con tickets cuyo m\u00e1s del 50% del valor sin impuestos. En medio de un contexto vol\u00e1til y marcado por indicadores econ\u00f3micos que nuevamente nos desaf\u00edan, el mercado nos exige m\u00e1s que siempre solidez, competitividad, diversificaci\u00f3n y flexibilidad<\/em>\u201d.<\/p>\n<p style=\"text-align: justify;\">La agenda acad\u00e9mica del ALTA Airline Leaders Forum incluy\u00f3 los siguientes paneles: Aviation Growth while Facing the Newest Challenges, LAC Competitiveness for SAF Development, Innovation Now is Green, el siempre relevante panel de CEOs, Low cost carriers in the Post Pandemic Latin America, Runway to Long-Term Recovery, Cargo and Supply Chain Challenges in Latin America &amp; the Caribbean y Resilience, the Key to Overcome Uncertainty<\/p>\n","protected":false},"excerpt":{"rendered":"<p>Los m\u00e1s altos ejecutivos de la industria de la aviaci\u00f3n comercial y autoridades de gobiernos se reunieron en Buenos Aires, con el fin de generar una agenda colaborativa con acciones concretas dirigidas a fomentar una aviaci\u00f3n a\u00fan m\u00e1s segura, eficiente&hellip;<\/p>\n","protected":false},"author":5,"featured_media":4210,"comment_status":"open","ping_status":"open","sticky":false,"template":"","format":"standard","meta":{"footnotes":""},"categories":[141,154],"tags":[],"class_list":["post-4209","post","type-post","status-publish","format-standard","has-post-thumbnail","hentry","category-noticias","category-transporte","entry","has-media"],"_links":{"self":[{"href":"https:\/\/eventoslatam.com\/index.php?rest_route=\/wp\/v2\/posts\/4209","targetHints":{"allow":["GET"]}}],"collection":[{"href":"https:\/\/eventoslatam.com\/index.php?rest_route=\/wp\/v2\/posts"}],"about":[{"href":"https:\/\/eventoslatam.com\/index.php?rest_route=\/wp\/v2\/types\/post"}],"author":[{"embeddable":true,"href":"https:\/\/eventoslatam.com\/index.php?rest_route=\/wp\/v2\/users\/5"}],"replies":[{"embeddable":true,"href":"https:\/\/eventoslatam.com\/index.php?rest_route=%2Fwp%2Fv2%2Fcomments&post=4209"}],"version-history":[{"count":1,"href":"https:\/\/eventoslatam.com\/index.php?rest_route=\/wp\/v2\/posts\/4209\/revisions"}],"predecessor-version":[{"id":4211,"href":"https:\/\/eventoslatam.com\/index.php?rest_route=\/wp\/v2\/posts\/4209\/revisions\/4211"}],"wp:featuredmedia":[{"embeddable":true,"href":"https:\/\/eventoslatam.com\/index.php?rest_route=\/wp\/v2\/media\/4210"}],"wp:attachment":[{"href":"https:\/\/eventoslatam.com\/index.php?rest_route=%2Fwp%2Fv2%2Fmedia&parent=4209"}],"wp:term":[{"taxonomy":"category","embeddable":true,"href":"https:\/\/eventoslatam.com\/index.php?rest_route=%2Fwp%2Fv2%2Fcategories&post=4209"},{"taxonomy":"post_tag","embeddable":true,"href":"https:\/\/eventoslatam.com\/index.php?rest_route=%2Fwp%2Fv2%2Ftags&post=4209"}],"curies":[{"name":"wp","href":"https:\/\/api.w.org\/{rel}","templated":true}]}}