{"id":4100,"date":"2022-09-11T17:49:05","date_gmt":"2022-09-11T17:49:05","guid":{"rendered":"https:\/\/eventoslatam.com\/?p=4100"},"modified":"2022-10-20T22:38:38","modified_gmt":"2022-10-20T22:38:38","slug":"gbta-organiza-su-primera-cumbre-global-de-sostenibilidad","status":"publish","type":"post","link":"https:\/\/eventoslatam.com\/?p=4100","title":{"rendered":"GBTA organiza su primera Cumbre Global de Sostenibilidad"},"content":{"rendered":"<p>La asociaci\u00f3n global de viajes de negocios, GBTA (Global Business Travel Association) inicia su camino a la sustentabilidad<br \/>\nOrganizar\u00e1 su primera Cumbre Global de Sostenibilidad el 8 de noviembre de 2022 en Bruselas, centr\u00e1ndose en impulsar en la carrera hacia el cero neto.<br \/>\nReducir las emisiones debe ser parte de nuestro plan al dia de hoy, para asegurarnos de que podamos conectar a las personas y viajar por negocios en el futuro.<br \/>\nEste evento de un d\u00eda,\u00a0 reunir\u00e1 a expertos, l\u00edderes de la industria y la pol\u00edtica, para delinear soluciones concretas para descarbonizar los viajes de negocios, en consonancia con los Objetivos Clim\u00e1ticos de Par\u00eds, y simult\u00e1neamente con la 27\u00aa Cumbre Clim\u00e1tica de las Naciones Unidas (COP 27), que sera en simultaneo en Egipto, entre los dias 7 al 18 de noviembre.<br \/>\nLa Cumbre fomentar\u00e1 las conexiones y el intercambio al proporcionar un foro para discusiones sinceras, sobre los desaf\u00edos y oportunidades para impulsar la acci\u00f3n clim\u00e1tica en el sector de los viajes de negocios.<br \/>\nEntre los t\u00f3picos, estar\u00e1n:<br \/>\n\u2022 La carrera hacia el cero neto y la COP27 : c\u00f3mo puede la industria liderar la transformaci\u00f3n<br \/>\n\u2022 Descarbonizaci\u00f3n de los viajes de negocios: oportunidades para asociaciones para impulsar acciones impactantes<br \/>\n\u2022 Nivelar el campo de juego: reducir la fragmentaci\u00f3n y brindar transparencia de datos<br \/>\n\u2022 Financiar la transici\u00f3n: impulsar las inversiones junto con el desempe\u00f1o ESG<br \/>\n\u2022 Construyendo resiliencia clim\u00e1tica: c\u00f3mo prepararse para el impacto del cambio<\/p>\n<p>&nbsp;<\/p>\n<p>Fuente:\u00a0https:\/\/europeconference.gbta.org\/other-events\/gbta-sustainability-summit\/<\/p>\n<p>&nbsp;<\/p>\n","protected":false},"excerpt":{"rendered":"<p>La asociaci\u00f3n global de viajes de negocios, GBTA (Global Business Travel Association) inicia su camino a la sustentabilidad Organizar\u00e1 su primera Cumbre Global de Sostenibilidad el 8 de noviembre de 2022 en Bruselas, centr\u00e1ndose en impulsar en la carrera hacia&hellip;<\/p>\n","protected":false},"author":5,"featured_media":4101,"comment_status":"open","ping_status":"open","sticky":false,"template":"","format":"standard","meta":{"footnotes":""},"categories":[141,156],"tags":[],"class_list":["post-4100","post","type-post","status-publish","format-standard","has-post-thumbnail","hentry","category-noticias","category-destinos","entry","has-media"],"_links":{"self":[{"href":"https:\/\/eventoslatam.com\/index.php?rest_route=\/wp\/v2\/posts\/4100","targetHints":{"allow":["GET"]}}],"collection":[{"href":"https:\/\/eventoslatam.com\/index.php?rest_route=\/wp\/v2\/posts"}],"about":[{"href":"https:\/\/eventoslatam.com\/index.php?rest_route=\/wp\/v2\/types\/post"}],"author":[{"embeddable":true,"href":"https:\/\/eventoslatam.com\/index.php?rest_route=\/wp\/v2\/users\/5"}],"replies":[{"embeddable":true,"href":"https:\/\/eventoslatam.com\/index.php?rest_route=%2Fwp%2Fv2%2Fcomments&post=4100"}],"version-history":[{"count":2,"href":"https:\/\/eventoslatam.com\/index.php?rest_route=\/wp\/v2\/posts\/4100\/revisions"}],"predecessor-version":[{"id":4103,"href":"https:\/\/eventoslatam.com\/index.php?rest_route=\/wp\/v2\/posts\/4100\/revisions\/4103"}],"wp:featuredmedia":[{"embeddable":true,"href":"https:\/\/eventoslatam.com\/index.php?rest_route=\/wp\/v2\/media\/4101"}],"wp:attachment":[{"href":"https:\/\/eventoslatam.com\/index.php?rest_route=%2Fwp%2Fv2%2Fmedia&parent=4100"}],"wp:term":[{"taxonomy":"category","embeddable":true,"href":"https:\/\/eventoslatam.com\/index.php?rest_route=%2Fwp%2Fv2%2Fcategories&post=4100"},{"taxonomy":"post_tag","embeddable":true,"href":"https:\/\/eventoslatam.com\/index.php?rest_route=%2Fwp%2Fv2%2Ftags&post=4100"}],"curies":[{"name":"wp","href":"https:\/\/api.w.org\/{rel}","templated":true}]}}