{"id":4097,"date":"2022-09-11T16:26:24","date_gmt":"2022-09-11T16:26:24","guid":{"rendered":"https:\/\/eventoslatam.com\/?p=4097"},"modified":"2022-10-20T22:34:41","modified_gmt":"2022-10-20T22:34:41","slug":"costa-rica-sera-la-capital-mundial-de-la-educacion-a-distancia-en-2023","status":"publish","type":"post","link":"https:\/\/eventoslatam.com\/?p=4097","title":{"rendered":"COSTA RICA SER\u00c1 LA CAPITAL MUNDIAL DE LA EDUCACI\u00d3N A DISTANCIA EN 2023"},"content":{"rendered":"<p style=\"text-align: justify;\">Costa Rica vuelve al escenario internacional del m\u00e1s alto nivel al ser escogida como la sede de la 29<sup>na<\/sup>\u00a0Conferencia Mundial del ICDE 2023, que se realizar\u00e1 del 6 al 10 de noviembre del pr\u00f3ximo a\u00f1o.<\/p>\n<p style=\"text-align: justify;\">Se trata del evento acad\u00e9mico m\u00e1s relevante del mundo en relaci\u00f3n con educaci\u00f3n flexible, abierta y a distancia. Atraer\u00e1 a expertos de investigaci\u00f3n, personal docente, acad\u00e9micos y a estudiantes en esta modalidad educativa<\/p>\n<p style=\"text-align: justify;\">El anuncio lo hizo el ministro de Turismo, William Rodr\u00edguez, acompa\u00f1ado por la ministra de Educaci\u00f3n, Katharina M\u00fcller; \u00c1lvaro Rojas, vicepresidente del Bureau de Convenciones de Costa Rica y el rector de la Universidad Estatal a Distancia (UNED), Rodrigo \u00c1rias Camacho.<\/p>\n<p style=\"text-align: justify;\">\u201c<em>Es motivo de orgullo haber ganado la candidatura para el congreso mundial de ICDE; es sin duda el resultado del creciente posicionamiento de Costa Rica como destino para el turismo de reuniones atendido por profesionales de primer nivel, con una derrama econ\u00f3mica que contribuir\u00e1 a la recuperaci\u00f3n del sector tur\u00edstico y a alcanzar las cifras de 2019 en el a\u00f1o 2023<\/em>,\u201d dijo el ministro de Turismo.<\/p>\n<p style=\"text-align: justify;\">El turismo MICE logra un encadenamiento por evento de m\u00e1s de 40 proveedores, tales como organizador profesional de congresos (OPC), Destination Management Company (DMC\u2019s), alquiler de decoraci\u00f3n, iluminaci\u00f3n, audiovisuales, servicio de transporte, restaurantes, profesionales de entretenimiento, artesanos locales, florister\u00eda, tours, entre otros. El 65% de empresas son PYMES.<\/p>\n<p style=\"text-align: justify;\">El vicepresidente del Bureau de Convenciones de Costa Rica, \u00c1lvaro Rojas, dijo que la noticia tiene una incidencia directa porque genera transferencia de conocimiento al pa\u00eds y provoca una derrama econ\u00f3mica en diferentes \u00e1reas del turismo. \u201c<em>Adem\u00e1s, es una ratificaci\u00f3n de que en el mundo est\u00e1n viendo a Costa Rica como uno de los destinos m\u00e1s competitivos en el turismo de reuniones en la regi\u00f3n, posicion\u00e1ndose como uno de los mercados emergentes para congresos y convenciones internacionales con dinamismo de su cadena de valor y un gran liderazgo de sus actores p\u00fablicos-privados<\/em>\u201d.<\/p>\n<p style=\"text-align: justify;\">Ser\u00e1 la primera vez que este evento sea organizado por una instituci\u00f3n en Am\u00e9rica Central y el Caribe y tan solo la tercera vez que sea realizada en Latinoam\u00e9rica, tras las ediciones de 1990 en Caracas y de R\u00edo de Janeiro en 2006. Ser\u00e1 la primera vez, adem\u00e1s, que la organizaci\u00f3n del evento coloque a todo un pa\u00eds como sede en lugar de una ciudad, resaltando los logros y el prestigio internacional de Costa Rica en educaci\u00f3n, paz, sostenibilidad, desarrollo social, justicia y apertura al mundo. La primera Conferencia Mundial del ICDE se llev\u00f3 a cabo en 1938 en Columbia Brit\u00e1nica, en Canad\u00e1.<\/p>\n<p style=\"text-align: justify;\">Costa Rica, sobresale adem\u00e1s por las conexiones a\u00e9reas, una ubicaci\u00f3n estrat\u00e9gica, experiencias inolvidables, calidad en el servicio, la alta calidad de profesionales especializados, la excelente plataforma tur\u00edstica, la infraestructura para la realizaci\u00f3n de eventos, as\u00ed como por el alto nivel educativo, la diversidad de actividades que se pueden realizar en el destino y la sostenibilidad, como eje transversal del modelo de desarrollo tur\u00edstico.<\/p>\n<p style=\"text-align: justify;\">La ICDE World Conference, como se conoce mundialmente, es un encuentro bienal que conglomera a la comunidad internacional de investigaci\u00f3n, personal docente y acad\u00e9mico y a estudiantes en sistemas de educaci\u00f3n abierta, flexible y a distancia. Adem\u00e1s, asisten responsables pol\u00edticos, tomadores de decisiones del sector p\u00fablico, las asociaciones profesionales nacionales e internacionales relevantes, y a proveedores de tecnolog\u00eda y servicios educativos del sector privado.<\/p>\n<p style=\"text-align: justify;\">Este evento se realizar\u00e1 en el Centro de Convenciones de Costa Rica y ser\u00e1 operado por la empresa Tam Travel Corporation, empresa elegida despu\u00e9s del debido proceso de contrataci\u00f3n. El objetivo consiste en ofrecer un foro para la presentaci\u00f3n de desarrollos de vanguardia en educaci\u00f3n, para impactar directamente y contribuir a futuras discusiones internacionales y regionales sobre pol\u00edticas educativas.<\/p>\n","protected":false},"excerpt":{"rendered":"<p>Costa Rica vuelve al escenario internacional del m\u00e1s alto nivel al ser escogida como la sede de la 29na\u00a0Conferencia Mundial del ICDE 2023, que se realizar\u00e1 del 6 al 10 de noviembre del pr\u00f3ximo a\u00f1o. Se trata del evento acad\u00e9mico&hellip;<\/p>\n","protected":false},"author":5,"featured_media":4098,"comment_status":"open","ping_status":"open","sticky":false,"template":"","format":"standard","meta":{"footnotes":""},"categories":[141,156,158],"tags":[341,348,327,319,294,306],"class_list":["post-4097","post","type-post","status-publish","format-standard","has-post-thumbnail","hentry","category-noticias","category-destinos","category-mice","tag-america","tag-educacion","tag-encuentro","tag-meeting","tag-mice","tag-pura-vida","entry","has-media"],"_links":{"self":[{"href":"https:\/\/eventoslatam.com\/index.php?rest_route=\/wp\/v2\/posts\/4097","targetHints":{"allow":["GET"]}}],"collection":[{"href":"https:\/\/eventoslatam.com\/index.php?rest_route=\/wp\/v2\/posts"}],"about":[{"href":"https:\/\/eventoslatam.com\/index.php?rest_route=\/wp\/v2\/types\/post"}],"author":[{"embeddable":true,"href":"https:\/\/eventoslatam.com\/index.php?rest_route=\/wp\/v2\/users\/5"}],"replies":[{"embeddable":true,"href":"https:\/\/eventoslatam.com\/index.php?rest_route=%2Fwp%2Fv2%2Fcomments&post=4097"}],"version-history":[{"count":1,"href":"https:\/\/eventoslatam.com\/index.php?rest_route=\/wp\/v2\/posts\/4097\/revisions"}],"predecessor-version":[{"id":4099,"href":"https:\/\/eventoslatam.com\/index.php?rest_route=\/wp\/v2\/posts\/4097\/revisions\/4099"}],"wp:featuredmedia":[{"embeddable":true,"href":"https:\/\/eventoslatam.com\/index.php?rest_route=\/wp\/v2\/media\/4098"}],"wp:attachment":[{"href":"https:\/\/eventoslatam.com\/index.php?rest_route=%2Fwp%2Fv2%2Fmedia&parent=4097"}],"wp:term":[{"taxonomy":"category","embeddable":true,"href":"https:\/\/eventoslatam.com\/index.php?rest_route=%2Fwp%2Fv2%2Fcategories&post=4097"},{"taxonomy":"post_tag","embeddable":true,"href":"https:\/\/eventoslatam.com\/index.php?rest_route=%2Fwp%2Fv2%2Ftags&post=4097"}],"curies":[{"name":"wp","href":"https:\/\/api.w.org\/{rel}","templated":true}]}}