{"id":4076,"date":"2022-09-05T21:11:20","date_gmt":"2022-09-05T21:11:20","guid":{"rendered":"https:\/\/eventoslatam.com\/?p=4076"},"modified":"2022-10-20T22:33:42","modified_gmt":"2022-10-20T22:33:42","slug":"bogota-obtiene-la-presidencia-de-la-red-iberoamericana-de-destinos-turisticos-inteligentes","status":"publish","type":"post","link":"https:\/\/eventoslatam.com\/?p=4076","title":{"rendered":"BOGOT\u00c1 OBTIENE LA PRESIDENCIA DE LA RED IBEROAMERICANA DE DESTINOS TUR\u00cdSTICOS INTELIGENTES"},"content":{"rendered":"<p class=\"text-align-justify\" style=\"text-align: justify;\"><strong>Bogot\u00e1\u00a0<\/strong>se convierte en la primera ciudad en ocupar la presidencia de la Red Iberoamericana de Destinos Tur\u00edsticos Inteligentes, rol que estar\u00e1 a cargo del Instituto Distrital de Turismo, que permitir\u00e1 impulsar y planificar las estrategias y acciones que ayuden en el desarrollo, la consolidaci\u00f3n y posicionamiento de la Red en las ciudades de Iberoam\u00e9rica.<\/p>\n<p class=\"text-align-justify\" style=\"text-align: justify;\">En la vicepresidencia de la Red, estar\u00e1 el Distrito de Ciencia, Tecnolog\u00eda e Innovaci\u00f3n de Medell\u00edn, a trav\u00e9s de la Subsecretar\u00eda de Turismo, cuya funci\u00f3n ser\u00e1 la de acompa\u00f1ar la gesti\u00f3n de la presidencia y apoyar el desarrollo y sostenimiento de las acciones que emprenda la consolidaci\u00f3n y fortalecimiento de esta institucionalidad entre los destinos.<\/p>\n<p class=\"text-align-justify\" style=\"text-align: justify;\">La postulaci\u00f3n de Bogot\u00e1 y Medell\u00edn a la presidencia y vicepresidencia respectivamente y su posterior aprobaci\u00f3n, se dio en la primera reuni\u00f3n oficial que realizaron los miembros creadores de la Red este 29 de agosto, donde se definieron los protocolos que determinan la forma de actuaci\u00f3n y participaci\u00f3n de la Red Iberoamericana DTI y la inclusi\u00f3n de los nuevos miembros que quieran ser parte de esta organizaci\u00f3n que busca impulsar y apoyar el desarrollo de Destinos Tur\u00edsticos Inteligentes.<\/p>\n<p class=\"text-align-justify\" style=\"text-align: justify;\"><em>\u201c<strong>Para Bogot\u00e1, es un honor ocupar la presidencia \u00a0y representar en este primer a\u00f1o a la Red Iberoamericana de Destinos Tur\u00edsticos Inteligentes, una excelente oportunidad para consolidar un gran ecosistema de conocimiento e intercambio de buenas pr\u00e1cticas para apoyar a los destinos y entidades que ven en el modelo de Destinos Tur\u00edsticos Inteligentes IDT, una herramienta de gobernanza participativa y transversal para la gesti\u00f3n de sus \u00a0destinos\u201d<\/strong><\/em>; manifest\u00f3 Karol Fajardo Mari\u00f1o.<\/p>\n<p class=\"text-align-justify\">La Secretar\u00eda de Relaciones Internacionales estar\u00e1 a cargo de Tequila (M\u00e9xico), por su parte la Secretar\u00eda T\u00e9cnica la dirigir\u00e1 Argentina y la Secretar\u00eda Institucional Brasil; este grupo de destinos trabajar\u00e1n de manera articulada para generar herramienta que fortalezcan la metodolog\u00eda de Destinos Tur\u00edsticos Inteligente en las ciudades.<\/p>\n<p>Fuente:\u00a0https:\/\/www.idt.gov.co\/<\/p>\n<p>&nbsp;<\/p>\n","protected":false},"excerpt":{"rendered":"<p>Bogot\u00e1\u00a0se convierte en la primera ciudad en ocupar la presidencia de la Red Iberoamericana de Destinos Tur\u00edsticos Inteligentes, rol que estar\u00e1 a cargo del Instituto Distrital de Turismo, que permitir\u00e1 impulsar y planificar las estrategias y acciones que ayuden en&hellip;<\/p>\n","protected":false},"author":5,"featured_media":4077,"comment_status":"open","ping_status":"open","sticky":false,"template":"","format":"standard","meta":{"footnotes":""},"categories":[141,156],"tags":[],"class_list":["post-4076","post","type-post","status-publish","format-standard","has-post-thumbnail","hentry","category-noticias","category-destinos","entry","has-media"],"_links":{"self":[{"href":"https:\/\/eventoslatam.com\/index.php?rest_route=\/wp\/v2\/posts\/4076","targetHints":{"allow":["GET"]}}],"collection":[{"href":"https:\/\/eventoslatam.com\/index.php?rest_route=\/wp\/v2\/posts"}],"about":[{"href":"https:\/\/eventoslatam.com\/index.php?rest_route=\/wp\/v2\/types\/post"}],"author":[{"embeddable":true,"href":"https:\/\/eventoslatam.com\/index.php?rest_route=\/wp\/v2\/users\/5"}],"replies":[{"embeddable":true,"href":"https:\/\/eventoslatam.com\/index.php?rest_route=%2Fwp%2Fv2%2Fcomments&post=4076"}],"version-history":[{"count":1,"href":"https:\/\/eventoslatam.com\/index.php?rest_route=\/wp\/v2\/posts\/4076\/revisions"}],"predecessor-version":[{"id":4078,"href":"https:\/\/eventoslatam.com\/index.php?rest_route=\/wp\/v2\/posts\/4076\/revisions\/4078"}],"wp:featuredmedia":[{"embeddable":true,"href":"https:\/\/eventoslatam.com\/index.php?rest_route=\/wp\/v2\/media\/4077"}],"wp:attachment":[{"href":"https:\/\/eventoslatam.com\/index.php?rest_route=%2Fwp%2Fv2%2Fmedia&parent=4076"}],"wp:term":[{"taxonomy":"category","embeddable":true,"href":"https:\/\/eventoslatam.com\/index.php?rest_route=%2Fwp%2Fv2%2Fcategories&post=4076"},{"taxonomy":"post_tag","embeddable":true,"href":"https:\/\/eventoslatam.com\/index.php?rest_route=%2Fwp%2Fv2%2Ftags&post=4076"}],"curies":[{"name":"wp","href":"https:\/\/api.w.org\/{rel}","templated":true}]}}