{"id":4047,"date":"2022-08-25T01:55:59","date_gmt":"2022-08-25T04:55:59","guid":{"rendered":"https:\/\/eventoslatam.com\/?p=4047"},"modified":"2023-05-09T20:01:32","modified_gmt":"2023-05-09T23:01:32","slug":"fiexpo-y-costa-rica-anunciaron-grandes-noticias","status":"publish","type":"post","link":"https:\/\/eventoslatam.com\/?p=4047","title":{"rendered":"FIEXPO Y COSTA RICA ANUNCIARON GRANDES NOTICIAS"},"content":{"rendered":"<p style=\"text-align: justify;\">FIEXPO EXHIBITIONS GROUP anuncio que Costa Rica ser\u00e1 sede en 2025, 2026 y 2027 de\u00a0FIEXPO Latin America, la feria de eventos y convenciones m\u00e1s grande de Latinoam\u00e9rica.<br \/>\nEl acuerdo, que se rubrico el d\u00eda martes 23 de agosto, dentro del marco del\u00a0ICCA\u00a0Costa Rica Summit, que se realiza en el Centro de Convenciones de Costa Rica, llevo la firma del Ministro de Turismo de Costa Rica, William Rodr\u00edguez y el director de FIEXPO EXHIBITIONS GROUP, Arnaldo Nardone.<br \/>\n\u00abEs un orgullo para Costa Rica, albergar durante tres a\u00f1os consecutivos una de las plataformas de negocios y networking m\u00e1s importante de la industria de reuniones. FIEXPO LATIN AMERICA constituye adem\u00e1s, una de las mayores plataformas para negocios de turismo de reuniones que existe en Am\u00e9rica Latina para la promoci\u00f3n de Sudam\u00e9rica, Centroam\u00e9rica, el Caribe y M\u00e9xico\u00bb, manifest\u00f3 el ministro Rodr\u00edguez.<br \/>\nPor su parte Arnaldo Nardone\u00a0subray\u00f3, \u201cCosta Rica es una marca posicionada a nivel internacional como destino. Su compromiso con la sustentabilidad y el cuidado del medioambiente lo ha puesto en un sitial de privilegio\u201d.<br \/>\nCarolina Adano\u00a0CEO de\u00a0FIEXPO Latin America, expreso que \u201cCosta Rica es un destino que viene trabajando muy profesionalmente, con una gran infraestructura, un equipo fuerte y solido, tanto a nivel del Instituto Costarricense de Turismo, como del Bur\u00f3 de Convenciones, sumando a toda la\u00a0cadena de valor, lo que nos da mucha confianza y\u00a0tranquilidad\u00bb<br \/>\n\u00abHoy abrimos las puertas de nuestro pa\u00eds para que FIEXPO Latinoam\u00e9rica sea evento inolvidable, digno de repetir y recomendar, en donde puedan experimentar el poder transformador del PURA VIDA\u00a0vida, que genera experiencias vivenciales que mejoran la calidad de vida de quienes nos visitan\u00bb fueron las declaraciones de\u00a0Tatiana Orozco,\u00a0Directora Ejecutiva del\u00a0Costa Rica Convention Bureau<\/p>\n","protected":false},"excerpt":{"rendered":"<p>FIEXPO EXHIBITIONS GROUP anuncio que Costa Rica ser\u00e1 sede en 2025, 2026 y 2027 de\u00a0FIEXPO Latin America, la feria de eventos y convenciones m\u00e1s grande de Latinoam\u00e9rica. El acuerdo, que se rubrico el d\u00eda martes 23 de agosto, dentro del&hellip;<\/p>\n","protected":false},"author":5,"featured_media":4048,"comment_status":"open","ping_status":"open","sticky":false,"template":"","format":"standard","meta":{"footnotes":""},"categories":[141,156,158],"tags":[],"class_list":["post-4047","post","type-post","status-publish","format-standard","has-post-thumbnail","hentry","category-noticias","category-destinos","category-mice","entry","has-media"],"_links":{"self":[{"href":"https:\/\/eventoslatam.com\/index.php?rest_route=\/wp\/v2\/posts\/4047","targetHints":{"allow":["GET"]}}],"collection":[{"href":"https:\/\/eventoslatam.com\/index.php?rest_route=\/wp\/v2\/posts"}],"about":[{"href":"https:\/\/eventoslatam.com\/index.php?rest_route=\/wp\/v2\/types\/post"}],"author":[{"embeddable":true,"href":"https:\/\/eventoslatam.com\/index.php?rest_route=\/wp\/v2\/users\/5"}],"replies":[{"embeddable":true,"href":"https:\/\/eventoslatam.com\/index.php?rest_route=%2Fwp%2Fv2%2Fcomments&post=4047"}],"version-history":[{"count":1,"href":"https:\/\/eventoslatam.com\/index.php?rest_route=\/wp\/v2\/posts\/4047\/revisions"}],"predecessor-version":[{"id":4049,"href":"https:\/\/eventoslatam.com\/index.php?rest_route=\/wp\/v2\/posts\/4047\/revisions\/4049"}],"wp:featuredmedia":[{"embeddable":true,"href":"https:\/\/eventoslatam.com\/index.php?rest_route=\/wp\/v2\/media\/4048"}],"wp:attachment":[{"href":"https:\/\/eventoslatam.com\/index.php?rest_route=%2Fwp%2Fv2%2Fmedia&parent=4047"}],"wp:term":[{"taxonomy":"category","embeddable":true,"href":"https:\/\/eventoslatam.com\/index.php?rest_route=%2Fwp%2Fv2%2Fcategories&post=4047"},{"taxonomy":"post_tag","embeddable":true,"href":"https:\/\/eventoslatam.com\/index.php?rest_route=%2Fwp%2Fv2%2Ftags&post=4047"}],"curies":[{"name":"wp","href":"https:\/\/api.w.org\/{rel}","templated":true}]}}