{"id":4040,"date":"2022-08-20T19:24:53","date_gmt":"2022-08-20T19:24:53","guid":{"rendered":"https:\/\/eventoslatam.com\/?p=4040"},"modified":"2022-10-20T22:36:05","modified_gmt":"2022-10-20T22:36:05","slug":"costa-rica-inicia-su-icca-summit","status":"publish","type":"post","link":"https:\/\/eventoslatam.com\/?p=4040","title":{"rendered":"COSTA RICA inicia su ICCA Summit"},"content":{"rendered":"<p><span style=\"font-size: 14px; font-family: helvetica;\">Con una grilla muy importante de disertantes, ICCA co-organizado con ICT Costa Rica, llega a San Jose de Costa Rica, el Summit para el desarrollo, afianzamiento y crecimiento de la industria MICE.<\/span><\/p>\n<p><span style=\"font-size: 14px; font-family: helvetica;\">A realizarse en el moderno y premiado Centro de Convenciones de Costa Rica, contara con speakers destacados de toda Latinoam\u00e9rica.<\/span><\/p>\n<p><span style=\"font-size: 14px; font-family: helvetica;\">Maria Eugenia Oriani (ProColombia) \u2013 Colombia<\/span><\/p>\n<p><span style=\"font-size: 14px; font-family: helvetica;\">\u00c1lvaro Rojas (Grupo Heroica) \u2013 Costa Rica<\/span><\/p>\n<p><span style=\"font-size: 14px; font-family: helvetica;\">Cintia Mari Hayashi (Sao Paulo CVB) \u2013 Brasil<\/span><\/p>\n<p><span style=\"font-size: 14px; font-family: helvetica;\">Javier Contreras (Metropolitan Convention Center) \u2013 Chile<\/span><\/p>\n<p><span style=\"font-size: 14px; font-family: helvetica;\">Juliana Lopez (Grupo Heroica) \u2013 Colombia<\/span><\/p>\n<p><span style=\"font-size: 14px; font-family: helvetica;\">Arnaldo Nardone (Fiexpo Group) \u2013 Uruguay<\/span><\/p>\n<p><span style=\"font-size: 14px; font-family: helvetica;\">Pablo Sismanian (Inprotur) \u2013 Argentina<\/span><\/p>\n<p><span style=\"font-size: 14px; font-family: helvetica;\">Max Chacon (Centro de Convenciones Costa Rica) \u2013 Costa Rica<\/span><\/p>\n<p>&nbsp;<\/p>\n<p><span style=\"font-size: 14px; font-family: helvetica;\">Mostrar\u00e1 el rol de las nuevas generaciones, la posibilidad de hacer carrera y como buscar y retener talento en la en la industria MICE.<\/span><\/p>\n<p><span style=\"font-size: 14px; font-family: helvetica;\">Buscara ratificar la ruta de evoluci\u00f3n de la industria y el impacto de las reuniones en el desarrollo de los destinos, como as\u00ed tambi\u00e9n el rol preponderante de los Centros de Convenciones para desarrollo Cient\u00edfico, Econ\u00f3mico y Social de las comunidades.<\/span><\/p>\n<p><span style=\"font-size: 14px; font-family: helvetica;\">Brindar\u00e1 enriquecedores paneles para entender los retos y oportunidades, las estrategias comerciales y de marketing para que los destinos sigan creciendo en esta reactivaci\u00f3n del Turismo de reuniones.<\/span><\/p>\n<p><span style=\"font-size: 14px; font-family: helvetica;\">La cita es el lunes 22 de agosto con la convocatoria para las nuevas generaciones de la industria y estudiantes \u00abticos\u00bb.<\/span><\/p>\n<p><span style=\"font-size: 14px; font-family: helvetica;\">El martes 23 de agosto, ser\u00e1 abierto para toda la industria.<\/span><\/p>\n<p>&nbsp;<\/p>\n<p><span style=\"font-size: 14px; font-family: helvetica;\">El programa completo en <a href=\"https:\/\/www.dropbox.com\/s\/8haax3r5csshmwp\/Programa%20ICCA%20Costa%20Rica%20Summit%20VF.pdf?dl=0\">Programa ICCA Costa Rica Summit VF.pdf (dropbox.com)<\/a><\/span><\/p>\n<p>&nbsp;<\/p>\n<p>&nbsp;<\/p>\n","protected":false},"excerpt":{"rendered":"<p>Con una grilla muy importante de disertantes, ICCA co-organizado con ICT Costa Rica, llega a San Jose de Costa Rica, el Summit para el desarrollo, afianzamiento y crecimiento de la industria MICE. A realizarse en el moderno y premiado Centro&hellip;<\/p>\n","protected":false},"author":5,"featured_media":4043,"comment_status":"open","ping_status":"open","sticky":false,"template":"","format":"standard","meta":{"footnotes":""},"categories":[158],"tags":[],"class_list":["post-4040","post","type-post","status-publish","format-standard","has-post-thumbnail","hentry","category-mice","entry","has-media"],"_links":{"self":[{"href":"https:\/\/eventoslatam.com\/index.php?rest_route=\/wp\/v2\/posts\/4040","targetHints":{"allow":["GET"]}}],"collection":[{"href":"https:\/\/eventoslatam.com\/index.php?rest_route=\/wp\/v2\/posts"}],"about":[{"href":"https:\/\/eventoslatam.com\/index.php?rest_route=\/wp\/v2\/types\/post"}],"author":[{"embeddable":true,"href":"https:\/\/eventoslatam.com\/index.php?rest_route=\/wp\/v2\/users\/5"}],"replies":[{"embeddable":true,"href":"https:\/\/eventoslatam.com\/index.php?rest_route=%2Fwp%2Fv2%2Fcomments&post=4040"}],"version-history":[{"count":2,"href":"https:\/\/eventoslatam.com\/index.php?rest_route=\/wp\/v2\/posts\/4040\/revisions"}],"predecessor-version":[{"id":4044,"href":"https:\/\/eventoslatam.com\/index.php?rest_route=\/wp\/v2\/posts\/4040\/revisions\/4044"}],"wp:featuredmedia":[{"embeddable":true,"href":"https:\/\/eventoslatam.com\/index.php?rest_route=\/wp\/v2\/media\/4043"}],"wp:attachment":[{"href":"https:\/\/eventoslatam.com\/index.php?rest_route=%2Fwp%2Fv2%2Fmedia&parent=4040"}],"wp:term":[{"taxonomy":"category","embeddable":true,"href":"https:\/\/eventoslatam.com\/index.php?rest_route=%2Fwp%2Fv2%2Fcategories&post=4040"},{"taxonomy":"post_tag","embeddable":true,"href":"https:\/\/eventoslatam.com\/index.php?rest_route=%2Fwp%2Fv2%2Ftags&post=4040"}],"curies":[{"name":"wp","href":"https:\/\/api.w.org\/{rel}","templated":true}]}}