{"id":3380,"date":"2021-09-07T15:53:22","date_gmt":"2021-09-07T15:53:22","guid":{"rendered":"http:\/\/eventoslatam.com\/?p=3380"},"modified":"2021-09-07T15:53:22","modified_gmt":"2021-09-07T15:53:22","slug":"lanzamiento-en-fiexpo-latin-america-foro-de-asociaciones-profesionales-latinoamericanas-e-internacionales","status":"publish","type":"post","link":"https:\/\/eventoslatam.com\/?p=3380","title":{"rendered":"LANZAMIENTO EN FIEXPO LATIN AMERICA <br>FORO DE ASOCIACIONES PROFESIONALES LATINOAMERICANAS E INTERNACIONALES"},"content":{"rendered":"<p>Este a\u00f1o FIEXPO Exhibition Group\u00a0 en su constante trabajo de innovaci\u00f3n y desarrollo del sector asociativo profesional en Am\u00e9rica Latina, conjuntamente con ICCA (Asociaci\u00f3n Internacional de Congresos y Convenciones),realizar\u00e1n el d\u00eda 28 de octubre en el marco de FIEXPO Latin America la reuni\u00f3n y el lanzamiento oficial del Foro de Asociaciones Profesionales Latinoamericanas e Internacionales. Nueva entidad legalmente registrada que tendr\u00e1 su secretar\u00eda en la ciudad de Montevideo.<\/p>\n<p>Su prop\u00f3sito es crear una plataforma de intercambio de conocimiento y conexiones entre asociaciones internacionales con base en Am\u00e9rica Latina y Asociaciones Latinoamericanas con el objetivo de mejorar la calidad del gerenciamiento y administraci\u00f3n de sus entidades, ampliando su conocimiento e intercambio de informaci\u00f3n, utilizando el aprendizaje proveniente de otras asociaciones globales como forma de incrementar la calidad de su trabajo profesional en el d\u00eda a d\u00eda para el beneficio de toda la regi\u00f3n.<\/p>\n<p>La actividad prevista ser\u00e1 realizada en el Centro de Convenciones de las Am\u00e9ricas\u00a0 de la ciudad de Cartagena y contar\u00e1 con la participaci\u00f3n de destacados conferencistas y profesionales, liderados por Arnaldo Nardone, Director de FIEXPO Exhibition Group.<\/p>\n","protected":false},"excerpt":{"rendered":"<p>Este a\u00f1o FIEXPO Exhibition Group\u00a0 en su constante trabajo de innovaci\u00f3n y desarrollo del sector asociativo profesional en Am\u00e9rica Latina, conjuntamente con ICCA (Asociaci\u00f3n Internacional de Congresos y Convenciones),realizar\u00e1n el d\u00eda 28 de octubre en el marco de FIEXPO Latin&hellip;<\/p>\n","protected":false},"author":1,"featured_media":3382,"comment_status":"open","ping_status":"open","sticky":false,"template":"","format":"standard","meta":{"footnotes":""},"categories":[284],"tags":[],"class_list":["post-3380","post","type-post","status-publish","format-standard","has-post-thumbnail","hentry","category-ano-xix-no-214-septiembre-2021","entry","has-media"],"_links":{"self":[{"href":"https:\/\/eventoslatam.com\/index.php?rest_route=\/wp\/v2\/posts\/3380","targetHints":{"allow":["GET"]}}],"collection":[{"href":"https:\/\/eventoslatam.com\/index.php?rest_route=\/wp\/v2\/posts"}],"about":[{"href":"https:\/\/eventoslatam.com\/index.php?rest_route=\/wp\/v2\/types\/post"}],"author":[{"embeddable":true,"href":"https:\/\/eventoslatam.com\/index.php?rest_route=\/wp\/v2\/users\/1"}],"replies":[{"embeddable":true,"href":"https:\/\/eventoslatam.com\/index.php?rest_route=%2Fwp%2Fv2%2Fcomments&post=3380"}],"version-history":[{"count":2,"href":"https:\/\/eventoslatam.com\/index.php?rest_route=\/wp\/v2\/posts\/3380\/revisions"}],"predecessor-version":[{"id":3384,"href":"https:\/\/eventoslatam.com\/index.php?rest_route=\/wp\/v2\/posts\/3380\/revisions\/3384"}],"wp:featuredmedia":[{"embeddable":true,"href":"https:\/\/eventoslatam.com\/index.php?rest_route=\/wp\/v2\/media\/3382"}],"wp:attachment":[{"href":"https:\/\/eventoslatam.com\/index.php?rest_route=%2Fwp%2Fv2%2Fmedia&parent=3380"}],"wp:term":[{"taxonomy":"category","embeddable":true,"href":"https:\/\/eventoslatam.com\/index.php?rest_route=%2Fwp%2Fv2%2Fcategories&post=3380"},{"taxonomy":"post_tag","embeddable":true,"href":"https:\/\/eventoslatam.com\/index.php?rest_route=%2Fwp%2Fv2%2Ftags&post=3380"}],"curies":[{"name":"wp","href":"https:\/\/api.w.org\/{rel}","templated":true}]}}