{"id":3352,"date":"2021-09-06T20:57:49","date_gmt":"2021-09-06T20:57:49","guid":{"rendered":"http:\/\/eventoslatam.com\/?p=3352"},"modified":"2021-09-06T20:57:49","modified_gmt":"2021-09-06T20:57:49","slug":"8vo-foro-politico-latinoamericano-sobre-turismo-de-reuniones","status":"publish","type":"post","link":"https:\/\/eventoslatam.com\/?p=3352","title":{"rendered":"8vo FORO POLITICO LATINOAMERICANO SOBRE TURISMO DE REUNIONES"},"content":{"rendered":"<p>El pr\u00f3ximo 28 de octubre se realizar\u00e1 en el marco de FIEXPO Latin America en la ciudad de Cartagena, la 8va edici\u00f3n del FORO POLITICO LATINOAMERICANO SOBRE TURISMO DE REUNIONES.<\/p>\n<p>Contar\u00e1 con la participaci\u00f3n de Ministros, Secretarios de Turismo, as\u00ed como de las m\u00e1ximas autoridades de importantes ciudades de Latinoam\u00e9rica y de\u00a0 asociaciones de la industria como ICCA, UFI, ACCCLATAM entre otras.<\/p>\n<p>Los temas elegidos para este a\u00f1o y\u00a0 que ser\u00e1n presentados por reconocidos profesionales y y debatidos por las autoridades presentes, son:<\/p>\n<h3><strong>\u201cLos eventos y reuniones como instrumentos para lograr una r\u00e1pida recuperaci\u00f3n de la Industria Tur\u00edstica Pos pandemia\u201d.<\/strong><\/h3>\n<p>\u00bfC\u00f3mo los eventos y reuniones pueden ayudar y responder a las nuevas exigencias y demandas de la nueva econom\u00eda que vendr\u00e1 y que tendremos luego de la pandemia? \u00bfC\u00f3mo repensarnos y reentrenarnos para los nuevos escenarios de negocios? Tales como nuevos relacionamientos, innovaci\u00f3n, inversi\u00f3n y la reconstrucci\u00f3n de los destinos. \u00bfcu\u00e1les ser\u00e1n las nuevas estrategias y acciones para intentar una recuperaci\u00f3n m\u00e1s acelerada?<\/p>\n<h3><strong>\u00a0\u201cLos Nuevos paradigmas de la Sustentabilidad, prioridades y desaf\u00edos para la Industria ante el cambio clim\u00e1tico\u201d<\/strong><\/h3>\n<p>\u00bfComo trabajaremos para encontrar soluciones a las nuevas prioridades globales tomando en cuenta que no solo ser\u00e1n los desaf\u00edos de la econom\u00eda sino tambi\u00e9n el cambio clim\u00e1tico, cambios en la forma de viajar, entre otras? \u00bfc\u00f3mo responderemos a las nuevas exigencias del turista y delegado a reuniones? Acciones concretas frente a los 17 objetivos y metas sustentables de las naciones unidas algo que cada d\u00eda toma mayor relevancia.<strong>\u00a0<\/strong><\/p>\n<h3><strong>\u00a0\u201cAprendizajes de la Pandemia y adaptaci\u00f3n al futuro. \u00bfQu\u00e9 ha cambiado en nuestra industria?\u201d<\/strong><\/h3>\n<p>\u00bfEstamos plenamente seguros de que los eventos y reuniones han cambiado en su forma de realizarse? o ser\u00e1 algo transitorio? \u00bftendremos cambios en la forma de elecci\u00f3n de los destinos? Si los cambios han llegado para quedarse \u00bfComo adaptaremos nuestra oferta y modelos de negocios para ser exitosos?<\/p>\n<p>Si bien la cantidad de participantes se ver\u00e1 reducida por los aforos vigentes, est\u00e1 previsto su trasmisi\u00f3n v\u00eda streaming.<\/p>\n<p>Por m\u00e1s informaci\u00f3n: <a href=\"http:\/\/www.fiexpolatinamerica.com\">www.fiexpolatinamerica.com<\/a><\/p>\n","protected":false},"excerpt":{"rendered":"<p>El pr\u00f3ximo 28 de octubre se realizar\u00e1 en el marco de FIEXPO Latin America en la ciudad de Cartagena, la 8va edici\u00f3n del FORO POLITICO LATINOAMERICANO SOBRE TURISMO DE REUNIONES. Contar\u00e1 con la participaci\u00f3n de Ministros, Secretarios de Turismo, as\u00ed&hellip;<\/p>\n","protected":false},"author":1,"featured_media":3354,"comment_status":"open","ping_status":"open","sticky":false,"template":"","format":"standard","meta":{"footnotes":""},"categories":[284],"tags":[],"class_list":["post-3352","post","type-post","status-publish","format-standard","has-post-thumbnail","hentry","category-ano-xix-no-214-septiembre-2021","entry","has-media"],"_links":{"self":[{"href":"https:\/\/eventoslatam.com\/index.php?rest_route=\/wp\/v2\/posts\/3352","targetHints":{"allow":["GET"]}}],"collection":[{"href":"https:\/\/eventoslatam.com\/index.php?rest_route=\/wp\/v2\/posts"}],"about":[{"href":"https:\/\/eventoslatam.com\/index.php?rest_route=\/wp\/v2\/types\/post"}],"author":[{"embeddable":true,"href":"https:\/\/eventoslatam.com\/index.php?rest_route=\/wp\/v2\/users\/1"}],"replies":[{"embeddable":true,"href":"https:\/\/eventoslatam.com\/index.php?rest_route=%2Fwp%2Fv2%2Fcomments&post=3352"}],"version-history":[{"count":1,"href":"https:\/\/eventoslatam.com\/index.php?rest_route=\/wp\/v2\/posts\/3352\/revisions"}],"predecessor-version":[{"id":3355,"href":"https:\/\/eventoslatam.com\/index.php?rest_route=\/wp\/v2\/posts\/3352\/revisions\/3355"}],"wp:featuredmedia":[{"embeddable":true,"href":"https:\/\/eventoslatam.com\/index.php?rest_route=\/wp\/v2\/media\/3354"}],"wp:attachment":[{"href":"https:\/\/eventoslatam.com\/index.php?rest_route=%2Fwp%2Fv2%2Fmedia&parent=3352"}],"wp:term":[{"taxonomy":"category","embeddable":true,"href":"https:\/\/eventoslatam.com\/index.php?rest_route=%2Fwp%2Fv2%2Fcategories&post=3352"},{"taxonomy":"post_tag","embeddable":true,"href":"https:\/\/eventoslatam.com\/index.php?rest_route=%2Fwp%2Fv2%2Ftags&post=3352"}],"curies":[{"name":"wp","href":"https:\/\/api.w.org\/{rel}","templated":true}]}}